{"id":1866,"date":"2022-03-12T16:54:23","date_gmt":"2022-03-12T16:54:23","guid":{"rendered":"http:\/\/www.vandalpalma.com\/?p=1866"},"modified":"2026-03-11T16:22:17","modified_gmt":"2026-03-11T16:22:17","slug":"guia-repsol","status":"publish","type":"post","link":"https:\/\/www.vandalpalma.com\/en_en\/2022\/03\/12\/guia-repsol\/","title":{"rendered":"Vandal Palma: Reconocidos por la Gu\u00eda Repsol como referente en Mallorca"},"content":{"rendered":"<p>La esencia de la cocina creativa en Santa Catalina recibe el aplauso de la cr\u00edtica<\/p>\n\n\n\n<p>Estamos felices de anunciar que, Vandal, ha sido recomendado por la prestigiosa&nbsp;<a href=\"https:\/\/www.instagram.com\/guiarepsol\/\">@guiarepsol<\/a> \ud83d\ude42<\/p>\n\n\n\n<div id=\"section-gc81df9\" class=\"wp-block-gutentor-e6 alignwide section-gc81df9 gutentor-element gutentor-element-image\"><div class=\"gutentor-element-image-box\"><div class=\"gutentor-image-thumb\"><img decoding=\"async\" class=\"normal-image lazyload\" data-src=\"http:\/\/www.vandalpalma.com\/wp-content\/uploads\/2022\/03\/guiarepsol_vandal.jpeg\" src=\"data:image\/svg+xml;base64,PHN2ZyB3aWR0aD0iMSIgaGVpZ2h0PSIxIiB4bWxucz0iaHR0cDovL3d3dy53My5vcmcvMjAwMC9zdmciPjwvc3ZnPg==\" \/><\/div><\/div><\/div>\n\n\n\n<p>Es un orgullo para todo el equipo de <strong>Vandal<\/strong> compartir que la prestigiosa <strong>Gu\u00eda Repsol<\/strong> ha puesto el foco en nuestra propuesta gastron\u00f3mica. No es solo un reconocimiento a nuestro trabajo, sino una validaci\u00f3n de que el concepto de \u00abcomida con actitud\u00bb tiene un lugar privilegiado entre los <strong>mejores restaurantes de Santa Catalina, Palma<\/strong>.<\/p>\n\n\n\n<p>La Gu\u00eda Repsol destaca de nuestra propuesta esa dualidad que nos define: un ambiente vibrante, casi rebelde, que se fusiona con una ejecuci\u00f3n t\u00e9cnica impecable. En Vandal, cada plato est\u00e1 dise\u00f1ado para ser una experiencia sensorial completa, algo que los inspectores de la gu\u00eda han valorado positivamente al analizar la <strong>gastronom\u00eda creativa en Mallorca<\/strong>.<\/p>\n\n\n\n<h3 class=\"wp-block-heading\">\u00bfQu\u00e9 hace a Vandal una parada obligatoria seg\u00fan la cr\u00edtica?<\/h3>\n\n\n\n<p>Cuando buscas un <strong>restaurante en Palma<\/strong> que rompa con lo convencional, Vandal aparece en todas las quinielas. La menci\u00f3n en prensa subraya aspectos que para nosotros son innegociables:<\/p>\n\n\n\n<ul class=\"wp-block-list\">\n<li><strong>Maridaje Disruptivo:<\/strong> La Gu\u00eda Repsol pone en valor nuestra capacidad para unir alta cocina con una cocteler\u00eda de autor que no deja indiferente a nadie.<\/li>\n\n\n\n<li><strong>Ubicaci\u00f3n Estrat\u00e9gica:<\/strong> Situados en el coraz\u00f3n de <strong>Santa Catalina<\/strong>, somos el punto de encuentro para quienes buscan cenar en un entorno cosmopolita y lleno de vida.<\/li>\n\n\n\n<li><strong>T\u00e9cnica y Producto:<\/strong> Desde nuestros bocados m\u00e1s \u00abcallejeros\u00bb hasta los platos m\u00e1s elaborados de la <strong>Carta Vandal Palma<\/strong>, el respeto por el producto y la innovaci\u00f3n constante son nuestra bandera.<\/li>\n<\/ul>","protected":false},"excerpt":{"rendered":"<p>La esencia de la cocina creativa en Santa Catalina recibe el aplauso de la cr\u00edtica Estamos felices de anunciar que, Vandal, ha sido recomendado por la prestigiosa&nbsp;@guiarepsol \ud83d\ude42 Es un orgullo para todo el equipo de Vandal compartir que la prestigiosa Gu\u00eda Repsol ha puesto el foco en nuestra propuesta gastron\u00f3mica. No es solo un [&hellip;]<\/p>\n","protected":false},"author":1,"featured_media":1865,"comment_status":"closed","ping_status":"closed","sticky":false,"template":"","format":"standard","meta":{"footnotes":""},"categories":[7],"tags":[],"class_list":["post-1866","post","type-post","status-publish","format-standard","has-post-thumbnail","hentry","category-novedades"],"gutentor_comment":0,"_links":{"self":[{"href":"https:\/\/www.vandalpalma.com\/en_en\/wp-json\/wp\/v2\/posts\/1866","targetHints":{"allow":["GET"]}}],"collection":[{"href":"https:\/\/www.vandalpalma.com\/en_en\/wp-json\/wp\/v2\/posts"}],"about":[{"href":"https:\/\/www.vandalpalma.com\/en_en\/wp-json\/wp\/v2\/types\/post"}],"author":[{"embeddable":true,"href":"https:\/\/www.vandalpalma.com\/en_en\/wp-json\/wp\/v2\/users\/1"}],"replies":[{"embeddable":true,"href":"https:\/\/www.vandalpalma.com\/en_en\/wp-json\/wp\/v2\/comments?post=1866"}],"version-history":[{"count":4,"href":"https:\/\/www.vandalpalma.com\/en_en\/wp-json\/wp\/v2\/posts\/1866\/revisions"}],"predecessor-version":[{"id":2543,"href":"https:\/\/www.vandalpalma.com\/en_en\/wp-json\/wp\/v2\/posts\/1866\/revisions\/2543"}],"wp:featuredmedia":[{"embeddable":true,"href":"https:\/\/www.vandalpalma.com\/en_en\/wp-json\/wp\/v2\/media\/1865"}],"wp:attachment":[{"href":"https:\/\/www.vandalpalma.com\/en_en\/wp-json\/wp\/v2\/media?parent=1866"}],"wp:term":[{"taxonomy":"category","embeddable":true,"href":"https:\/\/www.vandalpalma.com\/en_en\/wp-json\/wp\/v2\/categories?post=1866"},{"taxonomy":"post_tag","embeddable":true,"href":"https:\/\/www.vandalpalma.com\/en_en\/wp-json\/wp\/v2\/tags?post=1866"}],"curies":[{"name":"wp","href":"https:\/\/api.w.org\/{rel}","templated":true}]}}