{"id":2097,"date":"2023-05-13T09:00:38","date_gmt":"2023-05-13T09:00:38","guid":{"rendered":"https:\/\/www.vandalpalma.com\/?p=2097"},"modified":"2026-03-11T16:28:59","modified_gmt":"2026-03-11T16:28:59","slug":"abcmallorca-top-101-restaurants-2023","status":"publish","type":"post","link":"https:\/\/www.vandalpalma.com\/en_en\/2023\/05\/13\/abcmallorca-top-101-restaurants-2023\/","title":{"rendered":"abcMallorca: Top 101 Restaurants 2023"},"content":{"rendered":"<h3 class=\"wp-block-heading\">Un viaje sensorial reconocido por una de las mejores gu\u00edas de estilo de vida de las Islas Baleares<\/h3>\n\n\n\n<p>Aparecer en las p\u00e1ginas de <strong>abcMallorca<\/strong> no es solo un reconocimiento, es una confirmaci\u00f3n de que nuestra apuesta por la rebeld\u00eda culinaria ha calado hondo en la isla. Para quienes buscan los mejores <strong>restaurantes en Palma de Mallorca<\/strong>, la menci\u00f3n de esta prestigiosa publicaci\u00f3n sit\u00faa a Vandal en el mapa de las paradas obligatorias para residentes y visitantes internacionales.<\/p>\n\n\n\n<p>Como bien destaca abcMallorca en su rese\u00f1a de 2023, en Vandal no solo se viene a comer; se viene a viajar. Nuestra propuesta, liderada por la creatividad y la t\u00e9cnica, transforma el concepto tradicional de <strong>restaurante en Santa Catalina<\/strong> en un escenario cosmopolita donde cada bocado cuenta una historia de diferentes rincones del mundo.<\/p>\n\n\n\n<h3 class=\"wp-block-heading\">\u00bfPor qu\u00e9 abcMallorca nos sit\u00faa entre los mejores restaurantes de Mallorca?<\/h3>\n\n\n\n<p>La cr\u00edtica especializada ha sabido captar la esencia de nuestra \u00abcocina con actitud\u00bb. Algunos de los puntos clave que nos hacen destacar en el panorama gastron\u00f3mico de la isla son:<\/p>\n\n\n\n<ul class=\"wp-block-list\">\n<li><strong>Innovaci\u00f3n Constante:<\/strong> La capacidad de reinventar platos cl\u00e1sicos con un toque irreverente y una presentaci\u00f3n visual impactante.<\/li>\n\n\n\n<li><strong>Atm\u00f3sfera de Dise\u00f1o:<\/strong> abcMallorca resalta nuestro interiorismo industrial y sofisticado, ideal para quienes buscan <strong>d\u00f3nde cenar en Santa Catalina<\/strong> en un ambiente vibrante.<\/li>\n\n\n\n<li><strong>Experiencia Compartida:<\/strong> Nuestro formato de platos dise\u00f1ados para compartir fomenta la interacci\u00f3n, convirtiendo cada cena en un evento social \u00fanico en Palma.<\/li>\n<\/ul>\n\n\n\n<p>Este tipo de reconocimientos nos motiva a seguir elevando el list\u00f3n de la <strong>gastronom\u00eda en Mallorca<\/strong>. Si todav\u00eda no has descubierto por qu\u00e9 la cr\u00edtica habla de nosotros, te invitamos a reservar tu mesa y dejarte llevar por el esp\u00edritu Vandal.<\/p>\n\n\n\n<figure class=\"wp-block-embed is-type-rich is-provider-issuu wp-block-embed-issuu\"><div class=\"wp-block-embed__wrapper\">\n<iframe title=\"152nd abcMallorca Top 101 Restaurants 2023\" data-src=\"https:\/\/e.issuu.com\/embed.html?u=abc-mallorca.com&#038;d=152nd-abc-top-restaurants-2023-issuu&#038;pageNumber=44\" style=\"border:none; width: 640px; height: 491px;\" allow=\"clipboard-write,allow-top-navigation,allow-top-navigation-by-user-activation,allow-downloads,allow-scripts,allow-same-origin,allow-popups,allow-modals,allow-popups-to-escape-sandbox,allow-forms\"  allowfullscreen=\"true\" src=\"data:image\/svg+xml;base64,PHN2ZyB3aWR0aD0iMSIgaGVpZ2h0PSIxIiB4bWxucz0iaHR0cDovL3d3dy53My5vcmcvMjAwMC9zdmciPjwvc3ZnPg==\" class=\"lazyload\" data-load-mode=\"1\"><\/iframe>\n<\/div><\/figure>\n\n\n\n<p><\/p>","protected":false},"excerpt":{"rendered":"<p>Un viaje sensorial reconocido por una de las mejores gu\u00edas de estilo de vida de las Islas Baleares Aparecer en las p\u00e1ginas de abcMallorca no es solo un reconocimiento, es una confirmaci\u00f3n de que nuestra apuesta por la rebeld\u00eda culinaria ha calado hondo en la isla. Para quienes buscan los mejores restaurantes en Palma de [&hellip;]<\/p>\n","protected":false},"author":1,"featured_media":2096,"comment_status":"closed","ping_status":"open","sticky":false,"template":"","format":"standard","meta":{"footnotes":""},"categories":[6],"tags":[],"class_list":["post-2097","post","type-post","status-publish","format-standard","has-post-thumbnail","hentry","category-apariciones-en-prensa"],"gutentor_comment":0,"_links":{"self":[{"href":"https:\/\/www.vandalpalma.com\/en_en\/wp-json\/wp\/v2\/posts\/2097","targetHints":{"allow":["GET"]}}],"collection":[{"href":"https:\/\/www.vandalpalma.com\/en_en\/wp-json\/wp\/v2\/posts"}],"about":[{"href":"https:\/\/www.vandalpalma.com\/en_en\/wp-json\/wp\/v2\/types\/post"}],"author":[{"embeddable":true,"href":"https:\/\/www.vandalpalma.com\/en_en\/wp-json\/wp\/v2\/users\/1"}],"replies":[{"embeddable":true,"href":"https:\/\/www.vandalpalma.com\/en_en\/wp-json\/wp\/v2\/comments?post=2097"}],"version-history":[{"count":3,"href":"https:\/\/www.vandalpalma.com\/en_en\/wp-json\/wp\/v2\/posts\/2097\/revisions"}],"predecessor-version":[{"id":2549,"href":"https:\/\/www.vandalpalma.com\/en_en\/wp-json\/wp\/v2\/posts\/2097\/revisions\/2549"}],"wp:featuredmedia":[{"embeddable":true,"href":"https:\/\/www.vandalpalma.com\/en_en\/wp-json\/wp\/v2\/media\/2096"}],"wp:attachment":[{"href":"https:\/\/www.vandalpalma.com\/en_en\/wp-json\/wp\/v2\/media?parent=2097"}],"wp:term":[{"taxonomy":"category","embeddable":true,"href":"https:\/\/www.vandalpalma.com\/en_en\/wp-json\/wp\/v2\/categories?post=2097"},{"taxonomy":"post_tag","embeddable":true,"href":"https:\/\/www.vandalpalma.com\/en_en\/wp-json\/wp\/v2\/tags?post=2097"}],"curies":[{"name":"wp","href":"https:\/\/api.w.org\/{rel}","templated":true}]}}